{"id":1035,"date":"2025-04-12T01:44:14","date_gmt":"2025-04-12T05:44:14","guid":{"rendered":"https:\/\/dcmgmt.ca\/?p=1035"},"modified":"2026-02-28T23:28:38","modified_gmt":"2026-03-01T04:28:38","slug":"relaunch-of-a-judicial-modernization-program","status":"publish","type":"post","link":"https:\/\/dcmgmt.ca\/en\/blog\/relance-dun-programme-de-modernisation-judiciaire\/","title":{"rendered":"Relaunch of a judicial modernization program"},"content":{"rendered":"\n<div class=\"et_pb_section_0 et_pb_section et_pb_fullwidth_section et_section_regular et_block_section et_pb_section_parallax\"><span class=\"et-pb-parallax-wrapper\"><span class=\"et-pb-parallax-background et-pb-parallax-background-module--divi-section-0\" style=\"background-image:url(https:\/\/dcmgmt.ca\/wp-content\/uploads\/2020\/01\/business-08.jpg)\"><\/span><\/span><section class=\"et_pb_fullwidth_header_0 et_pb_fullwidth_header et_pb_bg_layout_dark et_pb_text_align_center et_animated et_pb_module et_flex_module preset--module--divi-fullwidth-header--default\"><div class=\"et_pb_fullwidth_header_container center\"><div class=\"header-content-container center\"><div class=\"header-content et_flex_module\"><h1 class=\"et_pb_module_header\">Contexte<\/h1><div class=\"et_pb_header_content_wrapper\"><p>Un programme de modernisation d\u2019\u00e9quipements technologiques et de r\u00e9am\u00e9nagement de salles d\u2019audiences a \u00e9t\u00e9 mis en place afin d\u2019am\u00e9liorer le syst\u00e8me judiciaire en r\u00e9duisant les d\u00e9placements des personnes incarc\u00e9r\u00e9s, en facilitant les \u00e9changes entre les partenaires p\u00e9naux et en optimisant les d\u00e9lais de comparution.<\/p>\n<\/div><div class=\"et_pb_header_button_wrapper\"><\/div><\/div><\/div><\/div><div class=\"et_pb_fullwidth_header_overlay\"><\/div><div class=\"et_pb_fullwidth_header_scroll\"><\/div><\/section><\/div><div class=\"et_pb_section_1 et_pb_section et_section_regular et_block_section\"><div class=\"et_pb_row_0 et_pb_row et_block_row\"><div class=\"et_pb_column_0 et_pb_column et_pb_column_4_4 et-last-child et_block_column et_pb_css_mix_blend_mode_passthrough\"><div class=\"et_pb_divider_0 et_pb_divider et_pb_space et_pb_divider_position_top et_animated et_pb_module\"><div class=\"et_pb_divider_internal\"><\/div><\/div><div class=\"et_pb_text_0 et_pb_text et_pb_bg_layout_light et_animated et_pb_module et_block_module et_pb_text_align_center\"><div class=\"et_pb_text_inner\"><h1>Objectifs du mandat<\/h1>\n<\/div><\/div><div class=\"et_pb_text_1 et_pb_text et_pb_bg_layout_light et_animated et_pb_module et_block_module et_pb_text_align_center\"><div class=\"et_pb_text_inner\"><p data-start=\"71\" data-end=\"408\" class=\"\">Le mandat, d\u2019une dur\u00e9e de six mois (ao\u00fbt 2020 \u00e0 janvier 2021), a \u00e9t\u00e9 r\u00e9alis\u00e9 \u00e0 titre de chef de programme. Ce vaste programme de modernisation mobilisait environ <strong>20 000 jours-personne<\/strong> et s\u2019appuyait sur un budget de <strong>70 millions de dollars<\/strong>. Plusieurs minist\u00e8res et organismes publics \u00e9taient impliqu\u00e9s, rendant la coordination strat\u00e9gique essentielle \u00e0 sa r\u00e9ussite.<\/p>\n<\/div><\/div><\/div><\/div><\/div><div class=\"et_pb_section_2 et_pb_section et_section_regular et_block_section et_animated\"><div class=\"et_pb_row_1 et_pb_row et_pb_equal_columns et_pb_gutters1 et_block_row et_animated et_pb_row_fullwidth\"><div class=\"et_pb_column_1 et_pb_column et_pb_column_1_2 et_block_column et_pb_css_mix_blend_mode_passthrough\"><div class=\"et_pb_image_0 et_pb_image et_pb_module et_block_module\"><span class=\"et_pb_image_wrap\"><img loading=\"lazy\" decoding=\"async\" src=\"https:\/\/dcmgmt.ca\/wp-content\/uploads\/2025\/04\/pexels-photo-143580.webp\" width=\"1125\" height=\"750\" srcset=\"https:\/\/dcmgmt.ca\/wp-content\/uploads\/2025\/04\/pexels-photo-143580.webp 1125w, https:\/\/dcmgmt.ca\/wp-content\/uploads\/2025\/04\/pexels-photo-143580-980x653.webp 980w, https:\/\/dcmgmt.ca\/wp-content\/uploads\/2025\/04\/pexels-photo-143580-480x320.webp 480w\" sizes=\"(min-width: 0px) and (max-width: 480px) 480px, (min-width: 481px) and (max-width: 980px) 980px, (min-width: 981px) 1125px, 100vw\" class=\"wp-image-1065\" title=\"pexels-photo-143580\" \/><\/span><\/div><\/div><div class=\"et_pb_column_2 et_pb_column et_pb_column_1_2 et-last-child et_block_column et_pb_css_mix_blend_mode_passthrough\"><div class=\"et_pb_divider_1 et_pb_divider et_pb_space et_pb_divider_position_top et_animated et_pb_module\"><div class=\"et_pb_divider_internal\"><\/div><\/div><div class=\"et_pb_cta_0 et_pb_promo et_pb_bg_layout_light et_animated et_pb_module et_block_module\"><div class=\"et_pb_promo_description\"><h2 class=\"et_pb_module_header\">D\u00e9fis et enjeux avant l\u2019intervention<\/h2><div class=\"et_pb_promo_content\"><p>&nbsp;<\/p>\n<ul>\n<li>Une gouvernance insuffisante menant \u00e0 un manque de coordination entre les parties prenantes.<\/li>\n<li>Des probl\u00e8mes de planification et de suivi des \u00e9ch\u00e9anciers.<\/li>\n<li>Une absence de structure claire pour la gestion des risques et des enjeux interorganisationnels.<\/li>\n<li>Une difficult\u00e9 \u00e0 assurer l\u2019alignement des objectifs du projet avec les besoins des parties prenantes.<\/li>\n<\/ul>\n<\/div><\/div><\/div><\/div><\/div><\/div><div class=\"et_pb_section_3 et_pb_section et_section_regular et_block_section\"><div class=\"et_pb_row_2 et_pb_row et_block_row\"><div class=\"et_pb_column_3 et_pb_column et_pb_column_4_4 et-last-child et_block_column et_pb_css_mix_blend_mode_passthrough\"><div class=\"et_pb_divider_2 et_pb_divider et_pb_space et_pb_divider_position_top et_animated et_pb_module\"><div class=\"et_pb_divider_internal\"><\/div><\/div><div class=\"et_pb_text_2 et_pb_text et_pb_bg_layout_light et_animated et_pb_module et_block_module et_pb_text_align_center\"><div class=\"et_pb_text_inner\"><h1>Approche de redressement<\/h1>\n<\/div><\/div><\/div><\/div><div class=\"et_pb_row_3 et_pb_row et_block_row\"><div class=\"et_pb_column_4 et_pb_column et_pb_column_1_2 et_block_column et_pb_css_mix_blend_mode_passthrough\"><div class=\"et_pb_text_3 et_pb_text et_pb_bg_layout_light et_animated et_pb_module et_block_module\"><div class=\"et_pb_text_inner\"><h1>1. Renforcement de la gouvernance<\/h1>\n<p>Un comit\u00e9 de direction unifi\u00e9 a \u00e9t\u00e9 mis en place afin de rassembler tous les intervenants des secteurs concern\u00e9s, favorisant ainsi une vision partag\u00e9e et une prise de d\u00e9cision coh\u00e9rente. Ce cadre de gouvernance solide a permis d\u2019assurer un suivi rigoureux des d\u00e9cisions et d\u2019am\u00e9liorer la communication entre les parties prenantes. Parall\u00e8lement, les r\u00f4les et responsabilit\u00e9s de chacun ont \u00e9t\u00e9 clarifi\u00e9s, assurant une meilleure coordination et une responsabilisation accrue des acteurs impliqu\u00e9s dans le programme.<\/p>\n<\/div><\/div><\/div><div class=\"et_pb_column_5 et_pb_column et_pb_column_1_2 et-last-child et_block_column et_pb_css_mix_blend_mode_passthrough\"><div class=\"et_pb_text_4 et_pb_text et_pb_bg_layout_light et_animated et_pb_module et_block_module\"><div class=\"et_pb_text_inner\"><h1>2. Optimisation de la gestion de projet<\/h1>\n<p>Des processus de gestion align\u00e9s sur les meilleures pratiques ont \u00e9t\u00e9 \u00e9labor\u00e9s et implant\u00e9s afin de structurer efficacement l\u2019avancement du programme. L\u2019utilisation d\u2019outils comme Microsoft Project et des tableaux de bord de performance a permis un suivi rigoureux des \u00e9tapes cl\u00e9s. En parall\u00e8le, les m\u00e9canismes de gestion des risques ont \u00e9t\u00e9 renforc\u00e9s, notamment en tenant compte des enjeux inter-organisationnels, afin d\u2019anticiper les obstacles et de soutenir une ex\u00e9cution plus fluide du programme.<\/p>\n<\/div><\/div><\/div><\/div><div class=\"et_pb_row_4 et_pb_row et_block_row\"><div class=\"et_pb_column_6 et_pb_column et_pb_column_1_2 et_block_column et_pb_css_mix_blend_mode_passthrough\"><div class=\"et_pb_text_5 et_pb_text et_pb_bg_layout_light et_animated et_pb_module et_block_module\"><div class=\"et_pb_text_inner\"><h1>3. Suivi et contr\u00f4le de l\u2019avancement<\/h1>\n<p>Des rencontres p\u00e9riodiques ont \u00e9t\u00e9 organis\u00e9es avec les \u00e9quipes de projet et les parties prenantes afin de maintenir un alignement constant sur les objectifs et les livrables. Des indicateurs de performance clairs ont \u00e9t\u00e9 d\u00e9finis pour assurer un suivi pr\u00e9cis de l\u2019avancement et de la qualit\u00e9 du programme. Enfin, des rapports d\u2019avancement d\u00e9taill\u00e9s ont \u00e9t\u00e9 produits et partag\u00e9s r\u00e9guli\u00e8rement avec les instances concern\u00e9es, favorisant une transparence et une communication soutenue tout au long du mandat.<\/p>\n<\/div><\/div><\/div><div class=\"et_pb_column_7 et_pb_column et_pb_column_1_2 et-last-child et_block_column et_pb_css_mix_blend_mode_passthrough\"><div class=\"et_pb_text_6 et_pb_text et_pb_bg_layout_light et_animated et_pb_module et_block_module\"><div class=\"et_pb_text_inner\"><h1>4. Planification et organisation des travaux<\/h1>\n<p>Les activit\u00e9s du programme ont \u00e9t\u00e9 structur\u00e9es en tenant compte des ressources humaines, mat\u00e9rielles et financi\u00e8res disponibles, assurant ainsi une ex\u00e9cution r\u00e9aliste et ma\u00eetris\u00e9e. La coordination avec les autres projets minist\u00e9riels et les partenaires externes a permis de g\u00e9rer efficacement les interd\u00e9pendances. Un plan de transfert de connaissances a \u00e9galement \u00e9t\u00e9 mis en place afin de garantir la continuit\u00e9 des op\u00e9rations une fois le projet termin\u00e9.<\/p>\n<\/div><\/div><\/div><\/div><\/div><div class=\"et_pb_section_4 et_pb_section et_section_regular et_block_section\"><div class=\"et_pb_row_5 et_pb_row et_block_row\"><div class=\"et_pb_column_8 et_pb_column et_pb_column_4_4 et-last-child et_block_column et_pb_css_mix_blend_mode_passthrough\"><div class=\"et_pb_divider_3 et_pb_divider et_pb_space et_pb_divider_position_top et_animated et_pb_module\"><div class=\"et_pb_divider_internal\"><\/div><\/div><div class=\"et_pb_text_7 et_pb_text et_pb_bg_layout_light et_animated et_pb_module et_block_module et_pb_text_align_center\"><div class=\"et_pb_text_inner\"><h1>Le\u00e7ons apprises et recommandations<\/h1>\n<\/div><\/div><\/div><\/div><div class=\"et_pb_row_6 et_pb_row et_pb_row_4col et_block_row et_block_row_4col\"><div class=\"et_pb_column_9 et_pb_column et_pb_column_1_4 et_block_column et_pb_css_mix_blend_mode_passthrough\"><div class=\"et_pb_blurb_0 et_pb_blurb et_pb_bg_layout_light et_pb_text_align_center et_pb_blurb_position_top et_animated et_pb_module et_block_module\"><div class=\"et_pb_blurb_content\"><div class=\"et_pb_main_blurb_image\"><span class=\"et_pb_image_wrap\"><span class=\"et-pb-icon\">\ue109<\/span><\/span><\/div><div class=\"et_pb_blurb_container\"><h4 class=\"et_pb_module_header\">Gouvernance renforc\u00e9e<\/h4><div class=\"et_pb_blurb_description\"><div class=\"flex max-w-full flex-col\">\n<div data-message-author-role=\"assistant\" data-message-id=\"f6679ea9-497b-46ba-9bb0-cb584ee2fa5b\" dir=\"auto\" class=\"min-h-8 text-message relative flex w-full flex-col items-end gap-2 text-start break-words whitespace-normal [.text-message+&amp;]:mt-5\" data-message-model-slug=\"gpt-4o\">\n<div class=\"flex w-full flex-col gap-1 empty:hidden first:pt-[3px]\">\n<div class=\"markdown prose dark:prose-invert w-full break-words light\">\n<p data-start=\"63\" data-end=\"221\" class=\"\">Une structure claire a \u00e9t\u00e9 mise en place pour faciliter la prise de d\u00e9cision et am\u00e9liorer la communication entre les intervenants.<\/p>\n<\/div>\n<\/div>\n<\/div>\n<\/div>\n<\/div><\/div><\/div><\/div><\/div><div class=\"et_pb_column_10 et_pb_column et_pb_column_1_4 et_block_column et_pb_css_mix_blend_mode_passthrough\"><div class=\"et_pb_blurb_1 et_pb_blurb et_pb_bg_layout_light et_pb_text_align_center et_pb_blurb_position_top et_animated et_pb_module et_block_module\"><div class=\"et_pb_blurb_content\"><div class=\"et_pb_main_blurb_image\"><span class=\"et_pb_image_wrap\"><span class=\"et-pb-icon\">\ue00a<\/span><\/span><\/div><div class=\"et_pb_blurb_container\"><h4 class=\"et_pb_module_header\">D\u00e9ploiement structur\u00e9<\/h4><div class=\"et_pb_blurb_description\"><p>L\u2019implantation des mesures p\u00e9rennes s\u2019est poursuivie selon un calendrier clair.<\/p>\n<\/div><\/div><\/div><\/div><\/div><div class=\"et_pb_column_11 et_pb_column et_pb_column_1_4 et_block_column et_pb_css_mix_blend_mode_passthrough\"><div class=\"et_pb_blurb_2 et_pb_blurb et_pb_bg_layout_light et_pb_text_align_center et_pb_blurb_position_top et_animated et_pb_module et_block_module\"><div class=\"et_pb_blurb_content\"><div class=\"et_pb_main_blurb_image\"><span class=\"et_pb_image_wrap\"><span class=\"et-pb-icon\">\uf3ac<\/span><\/span><\/div><div class=\"et_pb_blurb_container\"><h4 class=\"et_pb_module_header\">Ma\u00eetrise des risques<\/h4><div class=\"et_pb_blurb_description\"><p>L\u2019approche rigoureuse de suivi et d\u2019intervention a permis de limiter les impacts n\u00e9gatifs des enjeux interorganisationnels.<\/p>\n<\/div><\/div><\/div><\/div><\/div><div class=\"et_pb_column_12 et_pb_column et_pb_column_1_4 et-last-child et_block_column et_pb_css_mix_blend_mode_passthrough\"><div class=\"et_pb_blurb_3 et_pb_blurb et_pb_bg_layout_light et_pb_text_align_center et_pb_blurb_position_top et_animated et_pb_module et_block_module\"><div class=\"et_pb_blurb_content\"><div class=\"et_pb_main_blurb_image\"><span class=\"et_pb_image_wrap\"><span class=\"et-pb-icon\">\ue605<\/span><\/span><\/div><div class=\"et_pb_blurb_container\"><h4 class=\"et_pb_module_header\">Objectifs partag\u00e9s<\/h4><div class=\"et_pb_blurb_description\"><p>Les besoins des parties prenantes ont \u00e9t\u00e9 pris en compte de mani\u00e8re harmonis\u00e9e.<\/p>\n<\/div><\/div><\/div><\/div><\/div><\/div><\/div><div class=\"et_pb_section_5 et_pb_section et_section_regular et_block_section et_animated\"><div class=\"et_pb_row_7 et_pb_row et_block_row\"><div class=\"et_pb_column_13 et_pb_column et_pb_column_4_4 et-last-child et_block_column et_pb_css_mix_blend_mode_passthrough\"><div class=\"et_pb_text_8 et_pb_text et_pb_bg_layout_dark et_animated et_pb_module et_block_module et_pb_text_align_center\"><div class=\"et_pb_text_inner\"><h1>Conclusion<\/h1>\n<\/div><\/div><div class=\"et_pb_divider_4 et_pb_divider et_pb_space et_pb_divider_position_top et_animated et_pb_module\"><div class=\"et_pb_divider_internal\"><\/div><\/div><div class=\"et_pb_text_9 et_pb_text et_pb_bg_layout_light et_animated et_pb_module et_block_module et_pb_text_align_center\"><div class=\"et_pb_text_inner\"><p><span style=\"color: #ffffff;\">Cette intervention a permis de r\u00e9tablir la trajectoire d\u2019un programme strat\u00e9gique essentiel \u00e0 la modernisation du syst\u00e8me judiciaire. En solidifiant la gouvernance et la communication entre les multiples intervenants, en optimisant la planification et en assurant un suivi rigoureux, j\u2019ai contribu\u00e9 \u00e0 la remise sur pied de ce programme et \u00e0 la concr\u00e9tisation d\u2019un projet b\u00e9n\u00e9fique pour l\u2019ensemble du syst\u00e8me judiciaire et ses usagers.<\/span><\/p>\n<p data-start=\"657\" data-end=\"925\" class=\"\">\n<\/div><\/div><\/div><\/div><\/div>\n","protected":false},"excerpt":{"rendered":"","protected":false},"author":3,"featured_media":1059,"comment_status":"closed","ping_status":"closed","sticky":false,"template":"","format":"standard","meta":{"footnotes":""},"categories":[1],"tags":[],"class_list":["post-1035","post","type-post","status-publish","format-standard","has-post-thumbnail","hentry","category-categorie"],"yoast_head":"<!-- This site is optimized with the Yoast SEO plugin v27.5 - https:\/\/yoast.com\/product\/yoast-seo-wordpress\/ -->\n<title>Relance d\u2019un programme de modernisation judiciaire - DC Management<\/title>\n<meta name=\"robots\" content=\"index, follow, max-snippet:-1, max-image-preview:large, max-video-preview:-1\" \/>\n<link rel=\"canonical\" href=\"https:\/\/dcmgmt.ca\/en\/blog\/relaunch-of-a-judicial-modernization-program\/\" \/>\n<meta property=\"og:locale\" content=\"en_US\" \/>\n<meta property=\"og:type\" content=\"article\" \/>\n<meta property=\"og:title\" content=\"Relance d\u2019un programme de modernisation judiciaire - DC Management\" \/>\n<meta property=\"og:url\" content=\"https:\/\/dcmgmt.ca\/en\/blog\/relaunch-of-a-judicial-modernization-program\/\" \/>\n<meta property=\"og:site_name\" content=\"DC Management\" \/>\n<meta property=\"article:published_time\" content=\"2025-04-12T05:44:14+00:00\" \/>\n<meta property=\"article:modified_time\" content=\"2026-03-01T04:28:38+00:00\" \/>\n<meta property=\"og:image\" content=\"https:\/\/dcmgmt.ca\/wp-content\/uploads\/2025\/04\/pexels-photo-6077447.webp\" \/>\n\t<meta property=\"og:image:width\" content=\"1125\" \/>\n\t<meta property=\"og:image:height\" content=\"750\" \/>\n\t<meta property=\"og:image:type\" content=\"image\/webp\" \/>\n<meta name=\"author\" content=\"Selecto\" \/>\n<meta name=\"twitter:card\" content=\"summary_large_image\" \/>\n<meta name=\"twitter:label1\" content=\"Written by\" \/>\n\t<meta name=\"twitter:data1\" content=\"Selecto\" \/>\n\t<meta name=\"twitter:label2\" content=\"Est. reading time\" \/>\n\t<meta name=\"twitter:data2\" content=\"4 minutes\" \/>\n<script type=\"application\/ld+json\" class=\"yoast-schema-graph\">{\"@context\":\"https:\\\/\\\/schema.org\",\"@graph\":[{\"@type\":\"Article\",\"@id\":\"https:\\\/\\\/dcmgmt.ca\\\/blog\\\/relance-dun-programme-de-modernisation-judiciaire\\\/#article\",\"isPartOf\":{\"@id\":\"https:\\\/\\\/dcmgmt.ca\\\/blog\\\/relance-dun-programme-de-modernisation-judiciaire\\\/\"},\"author\":{\"name\":\"Selecto\",\"@id\":\"https:\\\/\\\/dcmgmt.ca\\\/#\\\/schema\\\/person\\\/d5ad31e3d635e79b823a94aa9821f657\"},\"headline\":\"Relance d\u2019un programme de modernisation judiciaire\",\"datePublished\":\"2025-04-12T05:44:14+00:00\",\"dateModified\":\"2026-03-01T04:28:38+00:00\",\"mainEntityOfPage\":{\"@id\":\"https:\\\/\\\/dcmgmt.ca\\\/blog\\\/relance-dun-programme-de-modernisation-judiciaire\\\/\"},\"wordCount\":7,\"image\":{\"@id\":\"https:\\\/\\\/dcmgmt.ca\\\/blog\\\/relance-dun-programme-de-modernisation-judiciaire\\\/#primaryimage\"},\"thumbnailUrl\":\"https:\\\/\\\/dcmgmt.ca\\\/wp-content\\\/uploads\\\/2025\\\/04\\\/pexels-photo-6077447.webp\",\"articleSection\":[\"Cat\u00e9gorie\"],\"inLanguage\":\"en-CA\"},{\"@type\":\"WebPage\",\"@id\":\"https:\\\/\\\/dcmgmt.ca\\\/blog\\\/relance-dun-programme-de-modernisation-judiciaire\\\/\",\"url\":\"https:\\\/\\\/dcmgmt.ca\\\/blog\\\/relance-dun-programme-de-modernisation-judiciaire\\\/\",\"name\":\"Relance d\u2019un programme de modernisation judiciaire - DC Management\",\"isPartOf\":{\"@id\":\"https:\\\/\\\/dcmgmt.ca\\\/#website\"},\"primaryImageOfPage\":{\"@id\":\"https:\\\/\\\/dcmgmt.ca\\\/blog\\\/relance-dun-programme-de-modernisation-judiciaire\\\/#primaryimage\"},\"image\":{\"@id\":\"https:\\\/\\\/dcmgmt.ca\\\/blog\\\/relance-dun-programme-de-modernisation-judiciaire\\\/#primaryimage\"},\"thumbnailUrl\":\"https:\\\/\\\/dcmgmt.ca\\\/wp-content\\\/uploads\\\/2025\\\/04\\\/pexels-photo-6077447.webp\",\"datePublished\":\"2025-04-12T05:44:14+00:00\",\"dateModified\":\"2026-03-01T04:28:38+00:00\",\"author\":{\"@id\":\"https:\\\/\\\/dcmgmt.ca\\\/#\\\/schema\\\/person\\\/d5ad31e3d635e79b823a94aa9821f657\"},\"breadcrumb\":{\"@id\":\"https:\\\/\\\/dcmgmt.ca\\\/blog\\\/relance-dun-programme-de-modernisation-judiciaire\\\/#breadcrumb\"},\"inLanguage\":\"en-CA\",\"potentialAction\":[{\"@type\":\"ReadAction\",\"target\":[\"https:\\\/\\\/dcmgmt.ca\\\/blog\\\/relance-dun-programme-de-modernisation-judiciaire\\\/\"]}]},{\"@type\":\"ImageObject\",\"inLanguage\":\"en-CA\",\"@id\":\"https:\\\/\\\/dcmgmt.ca\\\/blog\\\/relance-dun-programme-de-modernisation-judiciaire\\\/#primaryimage\",\"url\":\"https:\\\/\\\/dcmgmt.ca\\\/wp-content\\\/uploads\\\/2025\\\/04\\\/pexels-photo-6077447.webp\",\"contentUrl\":\"https:\\\/\\\/dcmgmt.ca\\\/wp-content\\\/uploads\\\/2025\\\/04\\\/pexels-photo-6077447.webp\",\"width\":1125,\"height\":750},{\"@type\":\"BreadcrumbList\",\"@id\":\"https:\\\/\\\/dcmgmt.ca\\\/blog\\\/relance-dun-programme-de-modernisation-judiciaire\\\/#breadcrumb\",\"itemListElement\":[{\"@type\":\"ListItem\",\"position\":1,\"name\":\"Accueil\",\"item\":\"https:\\\/\\\/dcmgmt.ca\\\/\"},{\"@type\":\"ListItem\",\"position\":2,\"name\":\"Relance d\u2019un programme de modernisation judiciaire\"}]},{\"@type\":\"WebSite\",\"@id\":\"https:\\\/\\\/dcmgmt.ca\\\/#website\",\"url\":\"https:\\\/\\\/dcmgmt.ca\\\/\",\"name\":\"DC Management\",\"description\":\"Transformer vos fa\u00e7ons de faire - Acc\u00e9l\u00e9rer vos r\u00e9sultats\",\"potentialAction\":[{\"@type\":\"SearchAction\",\"target\":{\"@type\":\"EntryPoint\",\"urlTemplate\":\"https:\\\/\\\/dcmgmt.ca\\\/?s={search_term_string}\"},\"query-input\":{\"@type\":\"PropertyValueSpecification\",\"valueRequired\":true,\"valueName\":\"search_term_string\"}}],\"inLanguage\":\"en-CA\"},{\"@type\":\"Person\",\"@id\":\"https:\\\/\\\/dcmgmt.ca\\\/#\\\/schema\\\/person\\\/d5ad31e3d635e79b823a94aa9821f657\",\"name\":\"Selecto\",\"url\":\"https:\\\/\\\/dcmgmt.ca\\\/en\\\/blog\\\/author\\\/selecto\\\/\"}]}<\/script>\n<!-- \/ Yoast SEO plugin. -->","yoast_head_json":{"title":"Relaunch of a judicial modernization program - DC Management","robots":{"index":"index","follow":"follow","max-snippet":"max-snippet:-1","max-image-preview":"max-image-preview:large","max-video-preview":"max-video-preview:-1"},"canonical":"https:\/\/dcmgmt.ca\/en\/blog\/relaunch-of-a-judicial-modernization-program\/","og_locale":"en_US","og_type":"article","og_title":"Relance d\u2019un programme de modernisation judiciaire - DC Management","og_url":"https:\/\/dcmgmt.ca\/en\/blog\/relaunch-of-a-judicial-modernization-program\/","og_site_name":"DC Management","article_published_time":"2025-04-12T05:44:14+00:00","article_modified_time":"2026-03-01T04:28:38+00:00","og_image":[{"width":1125,"height":750,"url":"https:\/\/dcmgmt.ca\/wp-content\/uploads\/2025\/04\/pexels-photo-6077447.webp","type":"image\/webp"}],"author":"Selecto","twitter_card":"summary_large_image","twitter_misc":{"Written by":"Selecto","Est. reading time":"4 minutes"},"schema":{"@context":"https:\/\/schema.org","@graph":[{"@type":"Article","@id":"https:\/\/dcmgmt.ca\/blog\/relance-dun-programme-de-modernisation-judiciaire\/#article","isPartOf":{"@id":"https:\/\/dcmgmt.ca\/blog\/relance-dun-programme-de-modernisation-judiciaire\/"},"author":{"name":"Selecto","@id":"https:\/\/dcmgmt.ca\/#\/schema\/person\/d5ad31e3d635e79b823a94aa9821f657"},"headline":"Relance d\u2019un programme de modernisation judiciaire","datePublished":"2025-04-12T05:44:14+00:00","dateModified":"2026-03-01T04:28:38+00:00","mainEntityOfPage":{"@id":"https:\/\/dcmgmt.ca\/blog\/relance-dun-programme-de-modernisation-judiciaire\/"},"wordCount":7,"image":{"@id":"https:\/\/dcmgmt.ca\/blog\/relance-dun-programme-de-modernisation-judiciaire\/#primaryimage"},"thumbnailUrl":"https:\/\/dcmgmt.ca\/wp-content\/uploads\/2025\/04\/pexels-photo-6077447.webp","articleSection":["Cat\u00e9gorie"],"inLanguage":"en-CA"},{"@type":"WebPage","@id":"https:\/\/dcmgmt.ca\/blog\/relance-dun-programme-de-modernisation-judiciaire\/","url":"https:\/\/dcmgmt.ca\/blog\/relance-dun-programme-de-modernisation-judiciaire\/","name":"Relaunch of a judicial modernization program - DC Management","isPartOf":{"@id":"https:\/\/dcmgmt.ca\/#website"},"primaryImageOfPage":{"@id":"https:\/\/dcmgmt.ca\/blog\/relance-dun-programme-de-modernisation-judiciaire\/#primaryimage"},"image":{"@id":"https:\/\/dcmgmt.ca\/blog\/relance-dun-programme-de-modernisation-judiciaire\/#primaryimage"},"thumbnailUrl":"https:\/\/dcmgmt.ca\/wp-content\/uploads\/2025\/04\/pexels-photo-6077447.webp","datePublished":"2025-04-12T05:44:14+00:00","dateModified":"2026-03-01T04:28:38+00:00","author":{"@id":"https:\/\/dcmgmt.ca\/#\/schema\/person\/d5ad31e3d635e79b823a94aa9821f657"},"breadcrumb":{"@id":"https:\/\/dcmgmt.ca\/blog\/relance-dun-programme-de-modernisation-judiciaire\/#breadcrumb"},"inLanguage":"en-CA","potentialAction":[{"@type":"ReadAction","target":["https:\/\/dcmgmt.ca\/blog\/relance-dun-programme-de-modernisation-judiciaire\/"]}]},{"@type":"ImageObject","inLanguage":"en-CA","@id":"https:\/\/dcmgmt.ca\/blog\/relance-dun-programme-de-modernisation-judiciaire\/#primaryimage","url":"https:\/\/dcmgmt.ca\/wp-content\/uploads\/2025\/04\/pexels-photo-6077447.webp","contentUrl":"https:\/\/dcmgmt.ca\/wp-content\/uploads\/2025\/04\/pexels-photo-6077447.webp","width":1125,"height":750},{"@type":"BreadcrumbList","@id":"https:\/\/dcmgmt.ca\/blog\/relance-dun-programme-de-modernisation-judiciaire\/#breadcrumb","itemListElement":[{"@type":"ListItem","position":1,"name":"Accueil","item":"https:\/\/dcmgmt.ca\/"},{"@type":"ListItem","position":2,"name":"Relance d\u2019un programme de modernisation judiciaire"}]},{"@type":"WebSite","@id":"https:\/\/dcmgmt.ca\/#website","url":"https:\/\/dcmgmt.ca\/","name":"DC-Management","description":"Transform your ways of doing things - Accelerate your results","potentialAction":[{"@type":"SearchAction","target":{"@type":"EntryPoint","urlTemplate":"https:\/\/dcmgmt.ca\/?s={search_term_string}"},"query-input":{"@type":"PropertyValueSpecification","valueRequired":true,"valueName":"search_term_string"}}],"inLanguage":"en-CA"},{"@type":"Person","@id":"https:\/\/dcmgmt.ca\/#\/schema\/person\/d5ad31e3d635e79b823a94aa9821f657","name":"Selecto","url":"https:\/\/dcmgmt.ca\/en\/blog\/author\/selecto\/"}]}},"_links":{"self":[{"href":"https:\/\/dcmgmt.ca\/en\/wp-json\/wp\/v2\/posts\/1035","targetHints":{"allow":["GET"]}}],"collection":[{"href":"https:\/\/dcmgmt.ca\/en\/wp-json\/wp\/v2\/posts"}],"about":[{"href":"https:\/\/dcmgmt.ca\/en\/wp-json\/wp\/v2\/types\/post"}],"author":[{"embeddable":true,"href":"https:\/\/dcmgmt.ca\/en\/wp-json\/wp\/v2\/users\/3"}],"replies":[{"embeddable":true,"href":"https:\/\/dcmgmt.ca\/en\/wp-json\/wp\/v2\/comments?post=1035"}],"version-history":[{"count":8,"href":"https:\/\/dcmgmt.ca\/en\/wp-json\/wp\/v2\/posts\/1035\/revisions"}],"predecessor-version":[{"id":1234,"href":"https:\/\/dcmgmt.ca\/en\/wp-json\/wp\/v2\/posts\/1035\/revisions\/1234"}],"wp:featuredmedia":[{"embeddable":true,"href":"https:\/\/dcmgmt.ca\/en\/wp-json\/wp\/v2\/media\/1059"}],"wp:attachment":[{"href":"https:\/\/dcmgmt.ca\/en\/wp-json\/wp\/v2\/media?parent=1035"}],"wp:term":[{"taxonomy":"category","embeddable":true,"href":"https:\/\/dcmgmt.ca\/en\/wp-json\/wp\/v2\/categories?post=1035"},{"taxonomy":"post_tag","embeddable":true,"href":"https:\/\/dcmgmt.ca\/en\/wp-json\/wp\/v2\/tags?post=1035"}],"curies":[{"name":"wp","href":"https:\/\/api.w.org\/{rel}","templated":true}]}}